{"id":190,"date":"2025-02-04T16:20:19","date_gmt":"2025-02-04T19:20:19","guid":{"rendered":"https:\/\/fin.setorreciclagem.com.br\/?p=190"},"modified":"2025-02-06T16:28:38","modified_gmt":"2025-02-06T19:28:38","slug":"consulte-seu-beneficio-pis-e-pasep","status":"publish","type":"post","link":"https:\/\/fin.setorreciclagem.com.br\/de\/dicas\/consulte-seu-beneficio-pis-e-pasep\/","title":{"rendered":"Consulte Seu Beneficio PIS e Pasep"},"content":{"rendered":"<p>Os pagamentos do abono salarial de 2025 seguir\u00e3o um cronograma baseado no m\u00eas de nascimento do trabalhador. As datas s\u00e3o as seguintes:<\/p>\n\n\n\n<ul class=\"wp-block-list\">\n<li>Nascidos em janeiro: 17 de fevereiro<\/li>\n\n\n\n<li>Nascidos em fevereiro: 17 de mar\u00e7o<\/li>\n\n\n\n<li>Nascidos em mar\u00e7o e abril: 15 de abril<\/li>\n\n\n\n<li>Nascidos em maio e junho: 15 de maio<\/li>\n\n\n\n<li>Nascidos em julho e agosto: 16 de junho<\/li>\n\n\n\n<li>Nascidos em setembro e outubro: 15 de julho<\/li>\n\n\n\n<li>Nascidos em novembro e dezembro: 15 de agosto<\/li>\n<\/ul>\n\n\n\n<p class=\"has-medium-font-size\"><strong>Como consultar se voc\u00ea tem direito ao benef\u00edcio?<\/strong><\/p>\n\n\n\n<p>A partir de 5 de fevereiro de 2025, voc\u00ea pode verificar se tem direito ao abono salarial utilizando os seguintes canais:<\/p>\n\n\n\n<ul class=\"wp-block-list\">\n<li><strong>Carteira de Trabalho Digital<\/strong>: Aplicativo dispon\u00edvel para smartphones.<\/li>\n\n\n\n<li><strong>Portal Gov.br<\/strong>: Acesse o site oficial do governo.<\/li>\n\n\n\n<li><strong>Central de Atendimento Al\u00f4 Trabalho<\/strong>: Ligue gratuitamente para o n\u00famero 158.<\/li>\n\n\n\n<li><strong>Superintend\u00eancias Regionais do Trabalho<\/strong>: Atendimento presencial.<\/li>\n<\/ul>\n\n\n<div class=\"lazyblock-gordon-button-5D8Lm wp-block-lazyblock-gordon-button\"><div class=\"destaque-header-dd\">\r\n    <div class=\"destaque-media\">\r\n        <img decoding=\"async\" class=\"destaque-image-dd\" src=\"https:\/\/fin.setorreciclagem.com.br\/wp-content\/uploads\/2025\/02\/image-11.webp\" alt=\"Imagem do \u00edcone\">\r\n    <\/div>\r\n    <div class=\"destaque-content\">\r\n        <div class=\"destaque-title-dd\"><strong><em>Carteira de Trabalho Digital<\/em><\/strong><\/div>\r\n        <div class=\"destaque-info-dd\">\r\n            <strong>4,7<\/strong>\u2605 | <strong>100mi<\/strong>+ Downloads | <strong>Android e iOS<\/strong>\r\n        <\/div>\r\n        <div class=\"wp-block-buttons is-content-justification-center\">\r\n            <div class=\"wp-block-button has-custom-width\" style=\"width: 100%;\">\r\n                <a class=\"btn-cta-destaque-dd\" href=\"https:\/\/play.google.com\/store\/apps\/details?id=br.gov.dataprev.carteiradigital\" target=\"_blank\" rel=\"noopener\">\r\n                    <strong><em>BAIXAR \u2192<\/em><\/strong>\r\n                <\/a>\r\n            <\/div>\r\n        <\/div>\r\n        <p class=\"redirecionamento-texto\">Voc\u00ea ser\u00e1 redirecionado a outro site<\/p>\r\n    <\/div>\r\n<\/div>\r\n\r\n<style>\r\n    .destaque-header-dd {\r\n        display: flex;\r\n        flex-wrap: wrap;\r\n        align-items: center;\r\n        justify-content: center;\r\n        width: 100%;\r\n        max-width: 600px;\r\n        padding: 1em;\r\n        margin: 1.5em 0;\r\n        background-color: transparent;\r\n        overflow: hidden;\r\n    }\r\n\r\n    \/* Estilos para o bloco da imagem *\/\r\n    .destaque-media {\r\n        flex: 1;\r\n        min-width: 200px;\r\n        max-width: 50%;\r\n        display: flex;\r\n        justify-content: center;\r\n        margin-bottom: 1em;\r\n    }\r\n\r\n    .destaque-image-dd {\r\n        width: 100%;\r\n        max-width: 200px;\r\n        height: auto;\r\n        aspect-ratio: 1;\r\n        object-fit: cover;\r\n        border-radius: 8px;\r\n    }\r\n\r\n    \/* Estilos para o conte\u00fado de texto *\/\r\n    .destaque-content {\r\n        flex: 1;\r\n        max-width: 50%;\r\n        text-align: center;\r\n        padding: 0 1em;\r\n    }\r\n\r\n    .destaque-title-dd {\r\n        font-size: 24px;\r\n        font-weight: bold;\r\n        margin: 0.5em 0;\r\n    }\r\n\r\n    .destaque-info-dd {\r\n        font-size: 13px;\r\n        color: #636363;\r\n        margin: 8px 0;\r\n    }\r\n\r\n    \/* Estilos do bot\u00e3o *\/\r\n    .btn-cta-destaque-dd {\r\n        font-size: 22px; \/* Aumentando o tamanho da fonte do bot\u00e3o *\/\r\n        padding: 8px 20px; \/* Ajustando o padding para tornar o bot\u00e3o mais fino *\/\r\n        text-align: center;\r\n        color: #fff; \/* Cor do texto *\/\r\n        text-decoration: none; \/* Remove sublinhado *\/\r\n        border-radius: 100px;\r\n        display: inline-block; \/* Mudando para inline-block para manter a estrutura *\/\r\n        width: 100%;\r\n        background-color: #2f8000; \/* Definindo a cor de fundo padr\u00e3o aqui *\/\r\n        transition: background-color 0.3s, box-shadow 0.3s;\r\n        box-shadow: 0px 4px 6px rgba(0, 0, 0, 0.2); \/* Sombra inicial do bot\u00e3o *\/\r\n        font-weight: bold; \/* Definindo o texto em negrito *\/\r\n    }\r\n\r\n    \/* Cor de fundo e sombra no hover *\/\r\n    .btn-cta-destaque-dd:hover {\r\n        background-color: #444444 !important; \/* Cor de fundo no hover *\/\r\n        box-shadow: 0px 4px 8px rgba(0, 0, 0, 0.4); \/* Sombra mais intensa no hover *\/\r\n        color: white; \/* Mant\u00e9m a cor do texto inalterada ao passar o mouse *\/\r\n    }\r\n\r\n    .btn-cta-destaque-dd:active {\r\n        background-color: #333; \/* Cor mais escura ao clicar *\/\r\n    }\r\n\r\n    .redirecionamento-texto {\r\n        font-size: 12px;\r\n        color: #6c757d;\r\n        margin-top: 8px;\r\n    }\r\n\r\n    \/* Responsividade *\/\r\n    @media (max-width: 768px) {\r\n        .destaque-header-dd {\r\n            flex-direction: column;\r\n            text-align: center;\r\n        }\r\n        \r\n        .destaque-media, .destaque-content {\r\n            max-width: 100%;\r\n        }\r\n\r\n        .destaque-content {\r\n            padding: 0;\r\n        }\r\n    }\r\n<\/style>\r\n<\/div>\n\n\n<p>Formas de recebimento do abono salarial<\/p>\n\n\n\n<p>O m\u00e9todo de recebimento do abono salarial varia conforme o seu v\u00ednculo banc\u00e1rio:<\/p>\n\n\n\n<ul class=\"wp-block-list\">\n<li><strong>Clientes da Caixa Econ\u00f4mica Federal<\/strong>: O valor ser\u00e1 depositado diretamente na conta corrente ou poupan\u00e7a.<\/li>\n\n\n\n<li><strong>Clientes do Banco do Brasil<\/strong>: O pagamento ser\u00e1 feito via cr\u00e9dito em conta, PIX, transfer\u00eancia TED ou presencialmente nas ag\u00eancias.<\/li>\n\n\n\n<li><strong>Demais trabalhadores<\/strong>: Receber\u00e3o o benef\u00edcio por meio da Poupan\u00e7a Social Digital, aberta automaticamente pela Caixa.<\/li>\n<\/ul>\n\n\n<div class=\"lazyblock-gordon-button-Z1hWREL wp-block-lazyblock-gordon-button\"><div class=\"destaque-header-dd\">\r\n    <div class=\"destaque-media\">\r\n        <img decoding=\"async\" class=\"destaque-image-dd\" src=\"https:\/\/fin.setorreciclagem.com.br\/wp-content\/uploads\/2025\/02\/image-12.webp\" alt=\"Imagem do \u00edcone\">\r\n    <\/div>\r\n    <div class=\"destaque-content\">\r\n        <div class=\"destaque-title-dd\"><strong><em>CAIXA Trabalhador<\/em><\/strong><\/div>\r\n        <div class=\"destaque-info-dd\">\r\n            <strong>10mi<\/strong>\u2605 | <strong>4,7<\/strong>+ Downloads | <strong>Android e iOS<\/strong>\r\n        <\/div>\r\n        <div class=\"wp-block-buttons is-content-justification-center\">\r\n            <div class=\"wp-block-button has-custom-width\" style=\"width: 100%;\">\r\n                <a class=\"btn-cta-destaque-dd\" href=\"https:\/\/play.google.com\/store\/apps\/details?id=br.gov.caixa.trabalhador\" target=\"_blank\" rel=\"noopener\">\r\n                    <strong><em>BAIXAR \u2192<\/em><\/strong>\r\n                <\/a>\r\n            <\/div>\r\n        <\/div>\r\n        <p class=\"redirecionamento-texto\">Voc\u00ea ser\u00e1 redirecionado a outro site<\/p>\r\n    <\/div>\r\n<\/div>\r\n\r\n<style>\r\n    .destaque-header-dd {\r\n        display: flex;\r\n        flex-wrap: wrap;\r\n        align-items: center;\r\n        justify-content: center;\r\n        width: 100%;\r\n        max-width: 600px;\r\n        padding: 1em;\r\n        margin: 1.5em 0;\r\n        background-color: transparent;\r\n        overflow: hidden;\r\n    }\r\n\r\n    \/* Estilos para o bloco da imagem *\/\r\n    .destaque-media {\r\n        flex: 1;\r\n        min-width: 200px;\r\n        max-width: 50%;\r\n        display: flex;\r\n        justify-content: center;\r\n        margin-bottom: 1em;\r\n    }\r\n\r\n    .destaque-image-dd {\r\n        width: 100%;\r\n        max-width: 200px;\r\n        height: auto;\r\n        aspect-ratio: 1;\r\n        object-fit: cover;\r\n        border-radius: 8px;\r\n    }\r\n\r\n    \/* Estilos para o conte\u00fado de texto *\/\r\n    .destaque-content {\r\n        flex: 1;\r\n        max-width: 50%;\r\n        text-align: center;\r\n        padding: 0 1em;\r\n    }\r\n\r\n    .destaque-title-dd {\r\n        font-size: 24px;\r\n        font-weight: bold;\r\n        margin: 0.5em 0;\r\n    }\r\n\r\n    .destaque-info-dd {\r\n        font-size: 13px;\r\n        color: #636363;\r\n        margin: 8px 0;\r\n    }\r\n\r\n    \/* Estilos do bot\u00e3o *\/\r\n    .btn-cta-destaque-dd {\r\n        font-size: 22px; \/* Aumentando o tamanho da fonte do bot\u00e3o *\/\r\n        padding: 8px 20px; \/* Ajustando o padding para tornar o bot\u00e3o mais fino *\/\r\n        text-align: center;\r\n        color: #fff; \/* Cor do texto *\/\r\n        text-decoration: none; \/* Remove sublinhado *\/\r\n        border-radius: 100px;\r\n        display: inline-block; \/* Mudando para inline-block para manter a estrutura *\/\r\n        width: 100%;\r\n        background-color: #2f8000; \/* Definindo a cor de fundo padr\u00e3o aqui *\/\r\n        transition: background-color 0.3s, box-shadow 0.3s;\r\n        box-shadow: 0px 4px 6px rgba(0, 0, 0, 0.2); \/* Sombra inicial do bot\u00e3o *\/\r\n        font-weight: bold; \/* Definindo o texto em negrito *\/\r\n    }\r\n\r\n    \/* Cor de fundo e sombra no hover *\/\r\n    .btn-cta-destaque-dd:hover {\r\n        background-color: #444444 !important; \/* Cor de fundo no hover *\/\r\n        box-shadow: 0px 4px 8px rgba(0, 0, 0, 0.4); \/* Sombra mais intensa no hover *\/\r\n        color: white; \/* Mant\u00e9m a cor do texto inalterada ao passar o mouse *\/\r\n    }\r\n\r\n    .btn-cta-destaque-dd:active {\r\n        background-color: #333; \/* Cor mais escura ao clicar *\/\r\n    }\r\n\r\n    .redirecionamento-texto {\r\n        font-size: 12px;\r\n        color: #6c757d;\r\n        margin-top: 8px;\r\n    }\r\n\r\n    \/* Responsividade *\/\r\n    @media (max-width: 768px) {\r\n        .destaque-header-dd {\r\n            flex-direction: column;\r\n            text-align: center;\r\n        }\r\n        \r\n        .destaque-media, .destaque-content {\r\n            max-width: 100%;\r\n        }\r\n\r\n        .destaque-content {\r\n            padding: 0;\r\n        }\r\n    }\r\n<\/style>\r\n<\/div>\n\n\n<p class=\"has-medium-font-size\"><strong>Perguntas Frequentes (FAQ)<\/strong><\/p>\n\n\n\n<p><strong>Qual \u00e9 o valor do abono salarial no ano de 2025?<\/strong><\/p>\n\n\n\n<p>O valor do abono salarial de 2025 \u00e9 proporcional ao tempo de trabalho em 2023 e \u00e9 calculado com base no sal\u00e1rio m\u00ednimo vigente no momento do pagamento. Em 2025, o sal\u00e1rio m\u00ednimo \u00e9 de R$ 1.518.<\/p>\n\n\n\n<p><strong>Trabalhei menos de 30 dias em 2023. Tenho direito ao abono?<\/strong><\/p>\n\n\n\n<p>N\u00e3o, \u00e9 necess\u00e1rio ter trabalhado pelo menos 30 dias com carteira assinada em 2023 para ter direito ao benef\u00edcio em 2025.<\/p>\n\n\n\n<p><strong>Como sei se meus dados foram cadastrados corretamente pelo empregador?<\/strong><\/p>\n\n\n\n<p>Voc\u00ea pode verificar seus dados atrav\u00e9s da sua Carteira de Trabalho Digital ou entrando em contato com a Central de Atendimento Al\u00f4 Trabalho pelo n\u00famero 158.<\/p>\n\n\n\n<p><strong>O que fazer se n\u00e3o receber o abono na data prevista?<\/strong><\/p>\n\n\n\n<p>Caso n\u00e3o receba o abono na data indicada no calend\u00e1rio, entre em contato com a Caixa Econ\u00f4mica Federal ou o Banco do Brasil, dependendo do seu v\u00ednculo, ou utilize os canais de atendimento mencionados anteriormente para que tenha os esclarecimentos.<\/p>\n\n\n\n<p><strong>Posso sacar o abono ap\u00f3s a data limite?<\/strong><\/p>\n\n\n\n<p>N\u00e3o pode, \u00e9 importante respeitar as datas do calend\u00e1rio de pagamentos. Valores n\u00e3o sacados dentro do prazo determinado e retornam ao Fundo de Amparo ao Trabalhador (FAT).<\/p>\n\n\n\n<p class=\"has-medium-font-size\"><strong>Facilitando o acesso ao abono salarial<\/strong><\/p>\n\n\n\n<p>Para tornar o processo de consulta e saque do abono salarial mais simples e r\u00e1pido, voc\u00ea pode utilizar ferramentas tecnol\u00f3gicas dispon\u00edveis. Aplicativos oficiais, como a Carteira de Trabalho Digital, permitem que voc\u00ea consulte seu benef\u00edcio diretamente pelo smartphone. Al\u00e9m disso, o portal Gov.br oferece informa\u00e7\u00f5es atualizadas e seguras sobre o PIS\/Pasep.<\/p>\n\n\n\n<p>Dicas para um acesso eficiente:<\/p>\n\n\n\n<ul class=\"wp-block-list\">\n<li><strong>Mantenha seus dados atualizados<\/strong>: Certifique-se de que suas informa\u00e7\u00f5es pessoais e banc\u00e1rias estejam corretas nos sistemas oficiais.<\/li>\n\n\n\n<li><strong>Fique atento \u00e0s datas<\/strong>: Anote as datas de pagamento correspondentes ao seu m\u00eas de nascimento para n\u00e3o perder o prazo.<\/li>\n\n\n\n<li><strong>Utilize os canais oficiais<\/strong>: Evite fraudes acessando apenas aplicativos e sites oficiais do governo.<\/li>\n<\/ul>\n\n\n\n<p>Ao seguir essas orienta\u00e7\u00f5es e utilizar as ferramentas dispon\u00edveis, voc\u00ea garante um acesso mais f\u00e1cil e seguro ao seu abono salarial.<\/p>","protected":false},"excerpt":{"rendered":"<p>Os pagamentos do abono salarial de 2025 seguir\u00e3o um cronograma baseado no m\u00eas de nascimento do trabalhador. As datas s\u00e3o as seguintes: Como consultar se voc\u00ea tem direito ao benef\u00edcio? A partir de 5 de fevereiro de 2025, voc\u00ea pode verificar se tem direito ao abono salarial utilizando os seguintes canais: Formas de recebimento do [&hellip;]<\/p>","protected":false},"author":3,"featured_media":196,"comment_status":"open","ping_status":"open","sticky":false,"template":"","format":"standard","meta":{"footnotes":""},"categories":[6],"tags":[],"class_list":["post-190","post","type-post","status-publish","format-standard","has-post-thumbnail","hentry","category-dicas"],"blocksy_meta":[],"_links":{"self":[{"href":"https:\/\/fin.setorreciclagem.com.br\/de\/wp-json\/wp\/v2\/posts\/190","targetHints":{"allow":["GET"]}}],"collection":[{"href":"https:\/\/fin.setorreciclagem.com.br\/de\/wp-json\/wp\/v2\/posts"}],"about":[{"href":"https:\/\/fin.setorreciclagem.com.br\/de\/wp-json\/wp\/v2\/types\/post"}],"author":[{"embeddable":true,"href":"https:\/\/fin.setorreciclagem.com.br\/de\/wp-json\/wp\/v2\/users\/3"}],"replies":[{"embeddable":true,"href":"https:\/\/fin.setorreciclagem.com.br\/de\/wp-json\/wp\/v2\/comments?post=190"}],"version-history":[{"count":1,"href":"https:\/\/fin.setorreciclagem.com.br\/de\/wp-json\/wp\/v2\/posts\/190\/revisions"}],"predecessor-version":[{"id":197,"href":"https:\/\/fin.setorreciclagem.com.br\/de\/wp-json\/wp\/v2\/posts\/190\/revisions\/197"}],"wp:featuredmedia":[{"embeddable":true,"href":"https:\/\/fin.setorreciclagem.com.br\/de\/wp-json\/wp\/v2\/media\/196"}],"wp:attachment":[{"href":"https:\/\/fin.setorreciclagem.com.br\/de\/wp-json\/wp\/v2\/media?parent=190"}],"wp:term":[{"taxonomy":"category","embeddable":true,"href":"https:\/\/fin.setorreciclagem.com.br\/de\/wp-json\/wp\/v2\/categories?post=190"},{"taxonomy":"post_tag","embeddable":true,"href":"https:\/\/fin.setorreciclagem.com.br\/de\/wp-json\/wp\/v2\/tags?post=190"}],"curies":[{"name":"wp","href":"https:\/\/api.w.org\/{rel}","templated":true}]}}