{"id":296,"date":"2025-03-20T15:28:56","date_gmt":"2025-03-20T18:28:56","guid":{"rendered":"https:\/\/fin.setorreciclagem.com.br\/?p=296"},"modified":"2025-03-20T15:28:58","modified_gmt":"2025-03-20T18:28:58","slug":"consulte-o-beneficio-pis-pasep","status":"publish","type":"post","link":"https:\/\/fin.setorreciclagem.com.br\/de\/dicas\/consulte-o-beneficio-pis-pasep\/","title":{"rendered":"Consulte o Benef\u00edcio PIS\/Pasep"},"content":{"rendered":"<p>Os pagamentos do abono salarial de 2025 ser\u00e3o realizados conforme um calend\u00e1rio definido pelo m\u00eas de nascimento do trabalhador. Confira as datas:<\/p>\n\n\n\n<blockquote class=\"wp-block-quote is-layout-flow wp-block-quote-is-layout-flow\">\n<p><strong>Nascidos em janeiro:<\/strong> 17 de fevereiro<br><strong>Nascidos em fevereiro:<\/strong> 17 de mar\u00e7o<br><strong>Nascidos em mar\u00e7o e abril:<\/strong> 15 de abril<br><strong>Nascidos em maio e junho: <\/strong>15 de maio<br><strong>Nascidos em julho e agosto:<\/strong> 16 de junho<br><strong>Nascidos em setembro e outubro:<\/strong> 15 de julho<br><strong>Nascidos em novembro e dezembro:<\/strong> 15 de agosto<\/p>\n<\/blockquote>\n\n\n\n<h3 class=\"wp-block-heading\">Como verificar se voc\u00ea tem direito ao benef\u00edcio?<\/h3>\n\n\n\n<p>A partir de 5 de fevereiro de 2025, \u00e9 poss\u00edvel confirmar a elegibilidade para o abono salarial por meio dos seguintes canais:<\/p>\n\n\n\n<ul class=\"wp-block-list\">\n<li>Carteira de Trabalho Digital: Utilize o aplicativo dispon\u00edvel para smartphones.<\/li>\n\n\n\n<li>Portal Gov.br: Acesse o site oficial do governo.<\/li>\n\n\n\n<li>Central de Atendimento Al\u00f4 Trabalho: Ligue gratuitamente para 158.<\/li>\n\n\n\n<li>Superintend\u00eancias Regionais do Trabalho: Atendimento presencial.<\/li>\n<\/ul>\n\n\n<div class=\"lazyblock-gordon-button-5D8Lm wp-block-lazyblock-gordon-button\"><div class=\"destaque-header-dd\">\r\n    <div class=\"destaque-media\">\r\n        <img decoding=\"async\" class=\"destaque-image-dd\" src=\"https:\/\/fin.setorreciclagem.com.br\/wp-content\/uploads\/2025\/02\/image-11.webp\" alt=\"Imagem do \u00edcone\">\r\n    <\/div>\r\n    <div class=\"destaque-content\">\r\n        <div class=\"destaque-title-dd\"><strong><em>Carteira de Trabalho Digital<\/em><\/strong><\/div>\r\n        <div class=\"destaque-info-dd\">\r\n            <strong>4,7<\/strong>\u2605 | <strong>100mi<\/strong>+ Downloads | <strong>Android e iOS<\/strong>\r\n        <\/div>\r\n        <div class=\"wp-block-buttons is-content-justification-center\">\r\n            <div class=\"wp-block-button has-custom-width\" style=\"width: 100%;\">\r\n                <a class=\"btn-cta-destaque-dd\" href=\"https:\/\/play.google.com\/store\/apps\/details?id=br.gov.dataprev.carteiradigital\" target=\"_blank\" rel=\"noopener\">\r\n                    <strong><em>BAIXAR \u2192<\/em><\/strong>\r\n                <\/a>\r\n            <\/div>\r\n        <\/div>\r\n        <p class=\"redirecionamento-texto\">Voc\u00ea ser\u00e1 redirecionado a outro site<\/p>\r\n    <\/div>\r\n<\/div>\r\n\r\n<style>\r\n    .destaque-header-dd {\r\n        display: flex;\r\n        flex-wrap: wrap;\r\n        align-items: center;\r\n        justify-content: center;\r\n        width: 100%;\r\n        max-width: 600px;\r\n        padding: 1em;\r\n        margin: 1.5em 0;\r\n        background-color: transparent;\r\n        overflow: hidden;\r\n    }\r\n\r\n    \/* Estilos para o bloco da imagem *\/\r\n    .destaque-media {\r\n        flex: 1;\r\n        min-width: 200px;\r\n        max-width: 50%;\r\n        display: flex;\r\n        justify-content: center;\r\n        margin-bottom: 1em;\r\n    }\r\n\r\n    .destaque-image-dd {\r\n        width: 100%;\r\n        max-width: 200px;\r\n        height: auto;\r\n        aspect-ratio: 1;\r\n        object-fit: cover;\r\n        border-radius: 8px;\r\n    }\r\n\r\n    \/* Estilos para o conte\u00fado de texto *\/\r\n    .destaque-content {\r\n        flex: 1;\r\n        max-width: 50%;\r\n        text-align: center;\r\n        padding: 0 1em;\r\n    }\r\n\r\n    .destaque-title-dd {\r\n        font-size: 24px;\r\n        font-weight: bold;\r\n        margin: 0.5em 0;\r\n    }\r\n\r\n    .destaque-info-dd {\r\n        font-size: 13px;\r\n        color: #636363;\r\n        margin: 8px 0;\r\n    }\r\n\r\n    \/* Estilos do bot\u00e3o *\/\r\n    .btn-cta-destaque-dd {\r\n        font-size: 22px; \/* Aumentando o tamanho da fonte do bot\u00e3o *\/\r\n        padding: 8px 20px; \/* Ajustando o padding para tornar o bot\u00e3o mais fino *\/\r\n        text-align: center;\r\n        color: #fff; \/* Cor do texto *\/\r\n        text-decoration: none; \/* Remove sublinhado *\/\r\n        border-radius: 100px;\r\n        display: inline-block; \/* Mudando para inline-block para manter a estrutura *\/\r\n        width: 100%;\r\n        background-color: #2f8000; \/* Definindo a cor de fundo padr\u00e3o aqui *\/\r\n        transition: background-color 0.3s, box-shadow 0.3s;\r\n        box-shadow: 0px 4px 6px rgba(0, 0, 0, 0.2); \/* Sombra inicial do bot\u00e3o *\/\r\n        font-weight: bold; \/* Definindo o texto em negrito *\/\r\n    }\r\n\r\n    \/* Cor de fundo e sombra no hover *\/\r\n    .btn-cta-destaque-dd:hover {\r\n        background-color: #444444 !important; \/* Cor de fundo no hover *\/\r\n        box-shadow: 0px 4px 8px rgba(0, 0, 0, 0.4); \/* Sombra mais intensa no hover *\/\r\n        color: white; \/* Mant\u00e9m a cor do texto inalterada ao passar o mouse *\/\r\n    }\r\n\r\n    .btn-cta-destaque-dd:active {\r\n        background-color: #333; \/* Cor mais escura ao clicar *\/\r\n    }\r\n\r\n    .redirecionamento-texto {\r\n        font-size: 12px;\r\n        color: #6c757d;\r\n        margin-top: 8px;\r\n    }\r\n\r\n    \/* Responsividade *\/\r\n    @media (max-width: 768px) {\r\n        .destaque-header-dd {\r\n            flex-direction: column;\r\n            text-align: center;\r\n        }\r\n        \r\n        .destaque-media, .destaque-content {\r\n            max-width: 100%;\r\n        }\r\n\r\n        .destaque-content {\r\n            padding: 0;\r\n        }\r\n    }\r\n<\/style>\r\n<\/div>\n\n\n<h3 class=\"wp-block-heading\">Formas de recebimento do abono salarial<\/h3>\n\n\n\n<p>O modo de pagamento do abono varia de acordo com seu v\u00ednculo banc\u00e1rio:<\/p>\n\n\n\n<ul class=\"wp-block-list\">\n<li><strong>Clientes da Caixa Econ\u00f4mica Federal:<\/strong> O valor \u00e9 depositado diretamente na conta corrente ou poupan\u00e7a.<\/li>\n\n\n\n<li><strong>Clientes do Banco do Brasil:<\/strong> O pagamento pode ser realizado via cr\u00e9dito em conta, PIX, transfer\u00eancia TED ou de forma presencial nas ag\u00eancias.<\/li>\n\n\n\n<li><strong>Demais trabalhadores:<\/strong> Recebem o benef\u00edcio atrav\u00e9s da Poupan\u00e7a Social Digital, que \u00e9 aberta automaticamente pela Caixa.<\/li>\n<\/ul>\n\n\n<div class=\"lazyblock-gordon-button-Z1hWREL wp-block-lazyblock-gordon-button\"><div class=\"destaque-header-dd\">\r\n    <div class=\"destaque-media\">\r\n        <img decoding=\"async\" class=\"destaque-image-dd\" src=\"https:\/\/fin.setorreciclagem.com.br\/wp-content\/uploads\/2025\/02\/image-12.webp\" alt=\"Imagem do \u00edcone\">\r\n    <\/div>\r\n    <div class=\"destaque-content\">\r\n        <div class=\"destaque-title-dd\"><strong><em>CAIXA Trabalhador<\/em><\/strong><\/div>\r\n        <div class=\"destaque-info-dd\">\r\n            <strong>10mi<\/strong>\u2605 | <strong>4,7<\/strong>+ Downloads | <strong>Android e iOS<\/strong>\r\n        <\/div>\r\n        <div class=\"wp-block-buttons is-content-justification-center\">\r\n            <div class=\"wp-block-button has-custom-width\" style=\"width: 100%;\">\r\n                <a class=\"btn-cta-destaque-dd\" href=\"https:\/\/play.google.com\/store\/apps\/details?id=br.gov.caixa.trabalhador\" target=\"_blank\" rel=\"noopener\">\r\n                    <strong><em>BAIXAR \u2192<\/em><\/strong>\r\n                <\/a>\r\n            <\/div>\r\n        <\/div>\r\n        <p class=\"redirecionamento-texto\">Voc\u00ea ser\u00e1 redirecionado a outro site<\/p>\r\n    <\/div>\r\n<\/div>\r\n\r\n<style>\r\n    .destaque-header-dd {\r\n        display: flex;\r\n        flex-wrap: wrap;\r\n        align-items: center;\r\n        justify-content: center;\r\n        width: 100%;\r\n        max-width: 600px;\r\n        padding: 1em;\r\n        margin: 1.5em 0;\r\n        background-color: transparent;\r\n        overflow: hidden;\r\n    }\r\n\r\n    \/* Estilos para o bloco da imagem *\/\r\n    .destaque-media {\r\n        flex: 1;\r\n        min-width: 200px;\r\n        max-width: 50%;\r\n        display: flex;\r\n        justify-content: center;\r\n        margin-bottom: 1em;\r\n    }\r\n\r\n    .destaque-image-dd {\r\n        width: 100%;\r\n        max-width: 200px;\r\n        height: auto;\r\n        aspect-ratio: 1;\r\n        object-fit: cover;\r\n        border-radius: 8px;\r\n    }\r\n\r\n    \/* Estilos para o conte\u00fado de texto *\/\r\n    .destaque-content {\r\n        flex: 1;\r\n        max-width: 50%;\r\n        text-align: center;\r\n        padding: 0 1em;\r\n    }\r\n\r\n    .destaque-title-dd {\r\n        font-size: 24px;\r\n        font-weight: bold;\r\n        margin: 0.5em 0;\r\n    }\r\n\r\n    .destaque-info-dd {\r\n        font-size: 13px;\r\n        color: #636363;\r\n        margin: 8px 0;\r\n    }\r\n\r\n    \/* Estilos do bot\u00e3o *\/\r\n    .btn-cta-destaque-dd {\r\n        font-size: 22px; \/* Aumentando o tamanho da fonte do bot\u00e3o *\/\r\n        padding: 8px 20px; \/* Ajustando o padding para tornar o bot\u00e3o mais fino *\/\r\n        text-align: center;\r\n        color: #fff; \/* Cor do texto *\/\r\n        text-decoration: none; \/* Remove sublinhado *\/\r\n        border-radius: 100px;\r\n        display: inline-block; \/* Mudando para inline-block para manter a estrutura *\/\r\n        width: 100%;\r\n        background-color: #2f8000; \/* Definindo a cor de fundo padr\u00e3o aqui *\/\r\n        transition: background-color 0.3s, box-shadow 0.3s;\r\n        box-shadow: 0px 4px 6px rgba(0, 0, 0, 0.2); \/* Sombra inicial do bot\u00e3o *\/\r\n        font-weight: bold; \/* Definindo o texto em negrito *\/\r\n    }\r\n\r\n    \/* Cor de fundo e sombra no hover *\/\r\n    .btn-cta-destaque-dd:hover {\r\n        background-color: #444444 !important; \/* Cor de fundo no hover *\/\r\n        box-shadow: 0px 4px 8px rgba(0, 0, 0, 0.4); \/* Sombra mais intensa no hover *\/\r\n        color: white; \/* Mant\u00e9m a cor do texto inalterada ao passar o mouse *\/\r\n    }\r\n\r\n    .btn-cta-destaque-dd:active {\r\n        background-color: #333; \/* Cor mais escura ao clicar *\/\r\n    }\r\n\r\n    .redirecionamento-texto {\r\n        font-size: 12px;\r\n        color: #6c757d;\r\n        margin-top: 8px;\r\n    }\r\n\r\n    \/* Responsividade *\/\r\n    @media (max-width: 768px) {\r\n        .destaque-header-dd {\r\n            flex-direction: column;\r\n            text-align: center;\r\n        }\r\n        \r\n        .destaque-media, .destaque-content {\r\n            max-width: 100%;\r\n        }\r\n\r\n        .destaque-content {\r\n            padding: 0;\r\n        }\r\n    }\r\n<\/style>\r\n<\/div>\n\n\n<h3 class=\"wp-block-heading\">Perguntas Frequentes (FAQ)<\/h3>\n\n\n\n<p><strong>Qual \u00e9 o valor do abono salarial em 2025?<\/strong><br>O valor do abono \u00e9 proporcional ao tempo trabalhado em 2023 e calculado com base no sal\u00e1rio m\u00ednimo vigente no momento do pagamento. Em 2025, o sal\u00e1rio m\u00ednimo ser\u00e1 de R$ 1.518.<\/p>\n\n\n\n<p><strong>Trabalhei menos de 30 dias em 2023. Tenho direito ao abono?<\/strong><br>N\u00e3o, para ter direito ao benef\u00edcio \u00e9 necess\u00e1rio ter trabalhado, com carteira assinada, por pelo menos 30 dias em 2023.<\/p>\n\n\n\n<p><strong>Como posso confirmar se meus dados foram corretamente cadastrados pelo empregador?<\/strong><br>Voc\u00ea pode conferir seus dados atrav\u00e9s da Carteira de Trabalho Digital ou entrando em contato com a Central de Atendimento Al\u00f4 Trabalho pelo n\u00famero 158.<\/p>\n\n\n\n<p><strong>O que fazer se o abono n\u00e3o cair na data prevista?<\/strong><br>Caso o pagamento n\u00e3o ocorra conforme o calend\u00e1rio, entre em contato com a Caixa Econ\u00f4mica Federal ou o Banco do Brasil, de acordo com o seu v\u00ednculo, ou utilize os canais oficiais de atendimento.<\/p>\n\n\n\n<p><strong>\u00c9 poss\u00edvel sacar o abono ap\u00f3s o prazo estipulado?<\/strong><br>N\u00e3o, \u00e9 fundamental respeitar as datas previstas. Valores n\u00e3o sacados dentro do prazo s\u00e3o devolvidos ao Fundo de Amparo ao Trabalhador (FAT).<\/p>\n\n\n\n<h3 class=\"wp-block-heading\">Facilitando o acesso ao abono salarial<\/h3>\n\n\n\n<p>Para tornar o processo de consulta e saque do abono mais simples e r\u00e1pido, utilize as ferramentas tecnol\u00f3gicas dispon\u00edveis, como o aplicativo da Carteira de Trabalho Digital, que permite a consulta diretamente pelo smartphone. Al\u00e9m disso, o portal Gov.br oferece informa\u00e7\u00f5es atualizadas e seguras sobre o PIS\/Pasep.<\/p>\n\n\n\n<p><strong>Dicas para um acesso eficiente:<\/strong><\/p>\n\n\n\n<ul class=\"wp-block-list\">\n<li>Mantenha seus dados atualizados: Certifique-se de que suas informa\u00e7\u00f5es pessoais e banc\u00e1rias estejam corretas nos sistemas oficiais.<\/li>\n\n\n\n<li>Fique atento \u00e0s datas: Anote os dias de pagamento correspondentes ao seu m\u00eas de nascimento para n\u00e3o perder o prazo.<\/li>\n\n\n\n<li>Utilize canais oficiais: Evite fraudes acessando apenas aplicativos e sites oficiais do governo.<\/li>\n<\/ul>\n\n\n\n<p>Seguindo essas orienta\u00e7\u00f5es e utilizando as ferramentas dispon\u00edveis, voc\u00ea garante um acesso mais seguro e eficiente ao seu abono salarial.<\/p>\n\n\n\n<p><\/p>","protected":false},"excerpt":{"rendered":"<p>Os pagamentos do abono salarial de 2025 ser\u00e3o realizados conforme um calend\u00e1rio definido pelo m\u00eas de nascimento do trabalhador. Confira as datas: Nascidos em janeiro: 17 de fevereiroNascidos em fevereiro: 17 de mar\u00e7oNascidos em mar\u00e7o e abril: 15 de abrilNascidos em maio e junho: 15 de maioNascidos em julho e agosto: 16 de junhoNascidos em [&hellip;]<\/p>","protected":false},"author":1,"featured_media":297,"comment_status":"open","ping_status":"open","sticky":false,"template":"","format":"standard","meta":{"footnotes":""},"categories":[6],"tags":[9,10],"class_list":["post-296","post","type-post","status-publish","format-standard","has-post-thumbnail","hentry","category-dicas","tag-facebook","tag-p2"],"blocksy_meta":[],"_links":{"self":[{"href":"https:\/\/fin.setorreciclagem.com.br\/de\/wp-json\/wp\/v2\/posts\/296","targetHints":{"allow":["GET"]}}],"collection":[{"href":"https:\/\/fin.setorreciclagem.com.br\/de\/wp-json\/wp\/v2\/posts"}],"about":[{"href":"https:\/\/fin.setorreciclagem.com.br\/de\/wp-json\/wp\/v2\/types\/post"}],"author":[{"embeddable":true,"href":"https:\/\/fin.setorreciclagem.com.br\/de\/wp-json\/wp\/v2\/users\/1"}],"replies":[{"embeddable":true,"href":"https:\/\/fin.setorreciclagem.com.br\/de\/wp-json\/wp\/v2\/comments?post=296"}],"version-history":[{"count":1,"href":"https:\/\/fin.setorreciclagem.com.br\/de\/wp-json\/wp\/v2\/posts\/296\/revisions"}],"predecessor-version":[{"id":298,"href":"https:\/\/fin.setorreciclagem.com.br\/de\/wp-json\/wp\/v2\/posts\/296\/revisions\/298"}],"wp:featuredmedia":[{"embeddable":true,"href":"https:\/\/fin.setorreciclagem.com.br\/de\/wp-json\/wp\/v2\/media\/297"}],"wp:attachment":[{"href":"https:\/\/fin.setorreciclagem.com.br\/de\/wp-json\/wp\/v2\/media?parent=296"}],"wp:term":[{"taxonomy":"category","embeddable":true,"href":"https:\/\/fin.setorreciclagem.com.br\/de\/wp-json\/wp\/v2\/categories?post=296"},{"taxonomy":"post_tag","embeddable":true,"href":"https:\/\/fin.setorreciclagem.com.br\/de\/wp-json\/wp\/v2\/tags?post=296"}],"curies":[{"name":"wp","href":"https:\/\/api.w.org\/{rel}","templated":true}]}}