{"id":648,"date":"2025-09-30T09:51:19","date_gmt":"2025-09-30T12:51:19","guid":{"rendered":"https:\/\/fin.setorreciclagem.com.br\/?p=648"},"modified":"2025-10-01T17:33:56","modified_gmt":"2025-10-01T20:33:56","slug":"dicas-de-curriculo-3-ajustes","status":"publish","type":"post","link":"https:\/\/fin.setorreciclagem.com.br\/es\/financas\/dicas-de-curriculo-3-ajustes\/","title":{"rendered":"Dicas de Curr\u00edculo: 3 Ajustes R\u00e1pidos que Podem Aumentar Suas Chances de Entrevista"},"content":{"rendered":"<p>Elaborar um bom curr\u00edculo \u00e9 um dos passos mais importantes na busca por um emprego. Apesar disso, muitos candidatos ainda cometem erros simples que acabam eliminando suas chances antes mesmo de serem chamados para uma entrevista. <\/p>\n\n\n\n<p>Segundo pesquisas de recrutadores, <strong>7 em cada 10 curr\u00edculos s\u00e3o descartados por falhas b\u00e1sicas<\/strong>, como falta de clareza, informa\u00e7\u00f5es irrelevantes ou aus\u00eancia de organiza\u00e7\u00e3o.<\/p>\n\n\n\n<p>Se voc\u00ea est\u00e1 em busca de uma vaga, precisa entender que o curr\u00edculo \u00e9 o seu <strong>cart\u00e3o de visitas<\/strong>. Ele deve transmitir credibilidade, profissionalismo e objetividade em poucos segundos. Para ajudar voc\u00ea a se destacar, separei <strong>3 ajustes r\u00e1pidos e pr\u00e1ticos<\/strong> que fazem toda a diferen\u00e7a no momento de conquistar a aten\u00e7\u00e3o do recrutador.<\/p>\n\n\n\n<figure class=\"wp-block-image size-large\"><img fetchpriority=\"high\" decoding=\"async\" width=\"1024\" height=\"576\" src=\"https:\/\/fin.setorreciclagem.com.br\/wp-content\/uploads\/2025\/09\/como-fazer-curriculo-1024x576.webp\" alt=\"CURRICULO\" class=\"wp-image-653\" srcset=\"https:\/\/fin.setorreciclagem.com.br\/wp-content\/uploads\/2025\/09\/como-fazer-curriculo-1024x576.webp 1024w, https:\/\/fin.setorreciclagem.com.br\/wp-content\/uploads\/2025\/09\/como-fazer-curriculo-300x169.webp 300w, https:\/\/fin.setorreciclagem.com.br\/wp-content\/uploads\/2025\/09\/como-fazer-curriculo-768x432.webp 768w, https:\/\/fin.setorreciclagem.com.br\/wp-content\/uploads\/2025\/09\/como-fazer-curriculo-18x10.webp 18w, https:\/\/fin.setorreciclagem.com.br\/wp-content\/uploads\/2025\/09\/como-fazer-curriculo.webp 1200w\" sizes=\"(max-width: 1024px) 100vw, 1024px\" \/><\/figure>\n\n\n\n<div class=\"wp-block-rank-math-toc-block\" id=\"rank-math-toc\"><h2>Tabela de Conte\u00fados<\/h2><nav><ul><li class=\"\"><a href=\"#a-importancia-de-um-curriculo-bem-estruturado\">A Import\u00e2ncia de um Curr\u00edculo Bem Estruturado<\/a><\/li><li class=\"\"><a href=\"#erro-1-excesso-de-informacoes\">Erro 1: Excesso de Informa\u00e7\u00f5es<\/a><ul><li class=\"\"><a href=\"#ajuste-rapido\">Ajuste r\u00e1pido:<\/a><\/li><\/ul><\/li><li class=\"\"><a href=\"#erro-2-falta-de-organizacao-visual\">Erro 2: Falta de Organiza\u00e7\u00e3o Visual<\/a><ul><li class=\"\"><a href=\"#ajuste-rapido-1\">Ajuste r\u00e1pido:<\/a><\/li><\/ul><\/li><li class=\"\"><a href=\"#erro-3-ausencia-de-palavras-chave\">Erro 3: Aus\u00eancia de Palavras-Chave<\/a><ul><li class=\"\"><a href=\"#ajuste-rapido-2\">Ajuste r\u00e1pido:<\/a><\/li><\/ul><\/li><li class=\"\"><a href=\"#outros-pontos-essenciais-no-curriculo\">Outros Pontos Essenciais no Curr\u00edculo<\/a><\/li><li class=\"\"><a href=\"#a-relacao-entre-curriculo-e-mercado-de-trabalho\">A Rela\u00e7\u00e3o Entre Curr\u00edculo e Mercado de Trabalho<\/a><\/li><li class=\"\"><a href=\"#exemplos-praticos-de-ajustes\">Exemplos Pr\u00e1ticos de Ajustes<\/a><ul><li class=\"\"><a href=\"#antes\">Antes<\/a><\/li><li class=\"\"><a href=\"#depois\">Depois<\/a><\/li><\/ul><\/li><li class=\"\"><a href=\"#como-transformar-seu-curriculo-em-uma-ferramenta-de-sucesso\">Como Transformar Seu Curr\u00edculo em uma Ferramenta de Sucesso<\/a><\/li><li class=\"\"><a href=\"#conclusao\">Conclus\u00e3o<\/a><\/li><li class=\"\"><a href=\"#faq-sobre-curriculos\">FAQ sobre Curr\u00edculos<\/a><\/li><li class=\"\"><a href=\"#baixe-aqui-um-modelo-de-curriculo-como-agradecimento-por-ter-lido-nosso-artigo\">Baixe aqui um Modelo de Curr\u00edculo como agradecimento por ter lido nosso artigo:<\/a><\/li><\/ul><\/nav><\/div>\n\n\n\n<hr class=\"wp-block-separator has-alpha-channel-opacity\"\/>\n\n\n\n<h2 class=\"wp-block-heading\" id=\"a-importancia-de-um-curriculo-bem-estruturado\">A Import\u00e2ncia de um Curr\u00edculo Bem Estruturado<\/h2>\n\n\n\n<p>Antes de entrar nas dicas, \u00e9 essencial entender por que o curr\u00edculo tem tanto peso. Ele \u00e9 o primeiro filtro do processo seletivo, e muitas vezes o recrutador dedica menos de 1 minuto para analisar cada documento. Isso significa que erros pequenos podem ser decisivos.<\/p>\n\n\n\n<p>Um curr\u00edculo bem feito:<\/p>\n\n\n\n<ul class=\"wp-block-list\">\n<li>Mostra suas <strong>habilidades principais<\/strong> de forma clara.<\/li>\n\n\n\n<li>Destaca suas <strong>experi\u00eancias relevantes<\/strong>.<\/li>\n\n\n\n<li>Reflete sua <strong>organiza\u00e7\u00e3o e profissionalismo<\/strong>.<\/li>\n\n\n\n<li>Aumenta as chances de ser chamado para uma entrevista.<\/li>\n<\/ul>\n\n\n\n<hr class=\"wp-block-separator has-alpha-channel-opacity\"\/>\n\n\n\n<h2 class=\"wp-block-heading\" id=\"erro-1-excesso-de-informacoes\">Erro 1: Excesso de Informa\u00e7\u00f5es<\/h2>\n\n\n\n<p>Um dos erros mais comuns \u00e9 encher o curr\u00edculo de detalhes irrelevantes. Muitos candidatos acreditam que quanto mais informa\u00e7\u00f5es, melhor. Na pr\u00e1tica, isso torna a leitura cansativa e confusa.<\/p>\n\n\n\n<h3 class=\"wp-block-heading\" id=\"ajuste-rapido\"><strong>Ajuste r\u00e1pido:<\/strong><\/h3>\n\n\n\n<p>\ud83d\udc49 Foque apenas em experi\u00eancias, cursos e informa\u00e7\u00f5es que sejam relevantes para a vaga. Se voc\u00ea est\u00e1 se candidatando a uma \u00e1rea administrativa, por exemplo, n\u00e3o \u00e9 necess\u00e1rio incluir um curso de culin\u00e1ria ou um trabalho volunt\u00e1rio que n\u00e3o tenha rela\u00e7\u00e3o com suas compet\u00eancias profissionais.<\/p>\n\n\n\n<p><strong>Dica extra:<\/strong> adapte o curr\u00edculo para cada vaga, destacando habilidades espec\u00edficas exigidas pelo cargo.<\/p>\n\n\n\n<hr class=\"wp-block-separator has-alpha-channel-opacity\"\/>\n\n\n\n<h2 class=\"wp-block-heading\" id=\"erro-2-falta-de-organizacao-visual\">Erro 2: Falta de Organiza\u00e7\u00e3o Visual<\/h2>\n\n\n\n<p>Curr\u00edculos desorganizados, com fontes diferentes, excesso de cores ou falta de alinhamento, passam a impress\u00e3o de descuido. O recrutador precisa bater o olho e encontrar rapidamente o que procura.<\/p>\n\n\n\n<h3 class=\"wp-block-heading\" id=\"ajuste-rapido-1\"><strong>Ajuste r\u00e1pido:<\/strong><\/h3>\n\n\n\n<p>\ud83d\udc49 Use um layout simples, limpo e padronizado. Utilize no m\u00e1ximo duas fontes, cores neutras e destaque apenas os t\u00edtulos das se\u00e7\u00f5es (como <strong>Experi\u00eancia Profissional<\/strong>, <strong>Forma\u00e7\u00e3o Acad\u00eamica<\/strong> e <strong>Habilidades<\/strong>).<\/p>\n\n\n\n<p><strong>Dica extra:<\/strong> mantenha o curr\u00edculo em no m\u00e1ximo <strong>duas p\u00e1ginas<\/strong>, a n\u00e3o ser que voc\u00ea tenha mais de 20 anos de experi\u00eancia profissional relevante.<\/p>\n\n\n\n<hr class=\"wp-block-separator has-alpha-channel-opacity\"\/>\n\n\n\n<h2 class=\"wp-block-heading\" id=\"erro-3-ausencia-de-palavras-chave\">Erro 3: Aus\u00eancia de Palavras-Chave<\/h2>\n\n\n\n<p>Com os processos seletivos cada vez mais digitais, muitos curr\u00edculos passam primeiro por filtros autom\u00e1ticos (ATS \u2013 Applicant Tracking System). Se o documento n\u00e3o tiver as palavras-chave certas, ele pode ser descartado antes mesmo de chegar ao recrutador.<\/p>\n\n\n\n<h3 class=\"wp-block-heading\" id=\"ajuste-rapido-2\"><strong>Ajuste r\u00e1pido:<\/strong><\/h3>\n\n\n\n<p>\ud83d\udc49 Leia a descri\u00e7\u00e3o da vaga e utilize no seu curr\u00edculo os mesmos termos que aparecem no an\u00fancio. Se a vaga pede \u201cgest\u00e3o de projetos\u201d, n\u00e3o escreva apenas \u201ccoordena\u00e7\u00e3o de tarefas\u201d. Essa sintonia aumenta as chances de o seu curr\u00edculo ser selecionado.<\/p>\n\n\n\n<p><strong>Dica extra:<\/strong> crie uma se\u00e7\u00e3o de <strong>Habilidades<\/strong> para incluir compet\u00eancias espec\u00edficas, como \u201cExcel Avan\u00e7ado\u201d, \u201cGest\u00e3o de Pessoas\u201d ou \u201cIngl\u00eas Fluente\u201d.<\/p>\n\n\n\n<hr class=\"wp-block-separator has-alpha-channel-opacity\"\/>\n\n\n\n<h2 class=\"wp-block-heading\" id=\"outros-pontos-essenciais-no-curriculo\">Outros Pontos Essenciais no Curr\u00edculo<\/h2>\n\n\n\n<p>Al\u00e9m desses 3 ajustes, h\u00e1 outros detalhes que podem fortalecer ainda mais seu documento:<\/p>\n\n\n\n<ul class=\"wp-block-list\">\n<li><strong>Dados de contato atualizados<\/strong>: sempre verifique se e-mail e telefone est\u00e3o corretos.<\/li>\n\n\n\n<li><strong>Resumo Profissional<\/strong>: coloque no in\u00edcio um par\u00e1grafo curto (4 a 5 linhas) destacando suas principais conquistas.<\/li>\n\n\n\n<li><strong>Resultados alcan\u00e7ados<\/strong>: sempre que poss\u00edvel, inclua n\u00fameros. Por exemplo: \u201cAumentei as vendas em 20% em 6 meses.\u201d<\/li>\n\n\n\n<li><strong>Formata\u00e7\u00e3o em PDF<\/strong>: salve o curr\u00edculo em PDF para evitar altera\u00e7\u00f5es de layout.<\/li>\n<\/ul>\n\n\n\n<hr class=\"wp-block-separator has-alpha-channel-opacity\"\/>\n\n\n\n<h2 class=\"wp-block-heading\" id=\"a-relacao-entre-curriculo-e-mercado-de-trabalho\">A Rela\u00e7\u00e3o Entre Curr\u00edculo e Mercado de Trabalho<\/h2>\n\n\n\n<p>O mercado de trabalho est\u00e1 cada vez mais competitivo. Milhares de curr\u00edculos chegam a uma \u00fanica vaga. Nesse cen\u00e1rio, destacar-se n\u00e3o \u00e9 apenas uma quest\u00e3o de experi\u00eancia, mas de estrat\u00e9gia.<\/p>\n\n\n\n<p>Um curr\u00edculo bem estruturado \u00e9 um diferencial que mostra ao recrutador que voc\u00ea se preocupou em transmitir clareza e profissionalismo. Muitas vezes, o candidato com curr\u00edculo organizado e focado tem mais chances do que algu\u00e9m com mais experi\u00eancia, mas que n\u00e3o soube apresent\u00e1-la corretamente.<\/p>\n\n\n\n<hr class=\"wp-block-separator has-alpha-channel-opacity\"\/>\n\n\n\n<h2 class=\"wp-block-heading\" id=\"exemplos-praticos-de-ajustes\">Exemplos Pr\u00e1ticos de Ajustes<\/h2>\n\n\n\n<h3 class=\"wp-block-heading\" id=\"antes\">Antes<\/h3>\n\n\n\n<blockquote class=\"wp-block-quote is-layout-flow wp-block-quote-is-layout-flow\">\n<p>\u201cTrabalhei em empresa X de 2018 a 2022. Fazia atividades administrativas.\u201d<\/p>\n<\/blockquote>\n\n\n\n<h3 class=\"wp-block-heading\" id=\"depois\">Depois<\/h3>\n\n\n\n<blockquote class=\"wp-block-quote is-layout-flow wp-block-quote-is-layout-flow\">\n<p>\u201cAtuei na empresa X (2018-2022) como auxiliar administrativo. Respons\u00e1vel pelo controle de relat\u00f3rios financeiros e atendimento a clientes internos, contribuindo para a redu\u00e7\u00e3o de erros em 15% nos processos internos.\u201d<\/p>\n<\/blockquote>\n\n\n\n<p>Esse exemplo mostra como transformar uma informa\u00e7\u00e3o vaga em um resultado mensur\u00e1vel e atrativo.<\/p>\n\n\n\n<hr class=\"wp-block-separator has-alpha-channel-opacity\"\/>\n\n\n\n<h2 class=\"wp-block-heading\" id=\"como-transformar-seu-curriculo-em-uma-ferramenta-de-sucesso\">Como Transformar Seu Curr\u00edculo em uma Ferramenta de Sucesso<\/h2>\n\n\n\n<ol class=\"wp-block-list\">\n<li><strong>Revise constantemente<\/strong>: mantenha sempre atualizado.<\/li>\n\n\n\n<li><strong>Personalize para cada vaga<\/strong>: nunca use o mesmo curr\u00edculo para todas as oportunidades.<\/li>\n\n\n\n<li><strong>Pe\u00e7a feedback<\/strong>: amigos ou colegas podem identificar falhas que voc\u00ea n\u00e3o percebeu.<\/li>\n\n\n\n<li><strong>Invista em clareza<\/strong>: seja direto, sem rodeios.<\/li>\n<\/ol>\n\n\n\n<hr class=\"wp-block-separator has-alpha-channel-opacity\"\/>\n\n\n\n<h2 class=\"wp-block-heading\" id=\"conclusao\">Conclus\u00e3o<\/h2>\n\n\n\n<p>O curr\u00edculo \u00e9 o <strong>primeiro passo<\/strong> para conquistar uma oportunidade de emprego. Pequenos detalhes fazem a diferen\u00e7a entre ser chamado ou ser descartado. Com os <strong>3 ajustes r\u00e1pidos \u2013 eliminar informa\u00e7\u00f5es irrelevantes, organizar o visual e usar palavras-chave certas \u2013<\/strong> voc\u00ea j\u00e1 aumenta consideravelmente suas chances de entrevista.<\/p>\n\n\n\n<p>Lembre-se: o curr\u00edculo \u00e9 apenas a porta de entrada. Ele abre a oportunidade para que voc\u00ea mostre quem realmente \u00e9 em uma entrevista. Por isso, dedique tempo, aten\u00e7\u00e3o e cuidado na sua elabora\u00e7\u00e3o.<\/p>\n\n\n\n<hr class=\"wp-block-separator has-alpha-channel-opacity\"\/>\n\n\n\n<h2 class=\"wp-block-heading\" id=\"faq-sobre-curriculos\">FAQ sobre Curr\u00edculos<\/h2>\n\n\n\n<p><strong>1. Preciso colocar foto no curr\u00edculo?<\/strong><br>N\u00e3o \u00e9 obrigat\u00f3rio, a n\u00e3o ser que a vaga exija.<\/p>\n\n\n\n<p><strong>2. Qual o tamanho ideal do curr\u00edculo?<\/strong><br>De 1 a 2 p\u00e1ginas.<\/p>\n\n\n\n<p><strong>3. Devo incluir todos os cursos que j\u00e1 fiz?<\/strong><br>Apenas os relevantes para a vaga em quest\u00e3o.<\/p>\n\n\n\n<p><strong>4. Como destacar minhas experi\u00eancias?<\/strong><br>Use resultados concretos, como n\u00fameros e conquistas.<\/p>\n\n\n\n<p><strong>5. \u00c9 necess\u00e1rio assinar o curr\u00edculo?<\/strong><br>N\u00e3o. Apenas mantenha seus contatos atualizados.<\/p>\n\n\n\n<p><strong>6. Posso enviar o curr\u00edculo em Word?<\/strong><br>O ideal \u00e9 PDF, para garantir que o formato n\u00e3o se altere.<\/p>\n\n\n\n<p><strong>7. Devo colocar pretens\u00e3o salarial?<\/strong><br>Apenas se for solicitado.<\/p>\n\n\n\n<p><strong>8. Coloco experi\u00eancias antigas?<\/strong><br>Somente se forem relevantes para a vaga atual.<\/p>\n\n\n\n<p><strong>9. Como deixar o curr\u00edculo mais atrativo?<\/strong><br>Use resumo profissional, palavras-chave e destaque resultados.<\/p>\n\n\n\n<p><strong>10. Posso usar modelo pronto da internet?<\/strong><br>Sim, mas personalize-o com suas informa\u00e7\u00f5es e estilo.<\/p>\n\n\n\n<h2 class=\"wp-block-heading\" id=\"baixe-aqui-um-modelo-de-curriculo-como-agradecimento-por-ter-lido-nosso-artigo\"><strong>Baixe aqui um Modelo de Curr\u00edculo como agradecimento por ter lido nosso artigo:<\/strong><\/h2>\n\n\n\n<p>              \ud83d\udc49<a href=\"https:\/\/docs.google.com\/document\/d\/173fOM-Oo3W8o6x9USE6BS5-mHz8C-V0O\/edit?usp=sharing&amp;ouid=102347640903740908823&amp;rtpof=true&amp;sd=true\" data-type=\"link\" data-id=\"https:\/\/docs.google.com\/document\/d\/173fOM-Oo3W8o6x9USE6BS5-mHz8C-V0O\/edit?usp=sharing&amp;ouid=102347640903740908823&amp;rtpof=true&amp;sd=true\" target=\"_blank\" rel=\"noopener\">BAIXAR CURRICULO<\/a><\/p>\n\n\n\n<hr class=\"wp-block-separator has-alpha-channel-opacity\"\/>\n\n\n\n<div class=\"wp-block-file\"><a id=\"wp-block-file--media-9b679d6f-1227-4f96-8750-241afc281bf5\" href=\"https:\/\/fin.setorreciclagem.com.br\/wp-content\/uploads\/2025\/09\/modelo_curriculo_otimizado.docx\">modelo_curriculo_otimizado<\/a><a href=\"https:\/\/fin.setorreciclagem.com.br\/wp-content\/uploads\/2025\/09\/modelo_curriculo_otimizado.docx\" class=\"wp-block-file__button wp-element-button\" aria-describedby=\"wp-block-file--media-9b679d6f-1227-4f96-8750-241afc281bf5\" download>Download<\/a><\/div>\n\n\n\n<p>\ud83d\udccc Publicado em <strong>Setor Finan\u00e7as<\/strong><br>\ud83c\udf10 <a href=\"https:\/\/fin.setorreciclagem.com.br\/es\/\">https:\/\/fin.setorreciclagem.com.br<\/a><br>\ud83d\udce9 contato: <a>contato@setorreciclagem.com.br<\/a><\/p>\n\n\n\n<p><\/p>","protected":false},"excerpt":{"rendered":"<p>Elaborar um bom curr\u00edculo \u00e9 um dos passos mais importantes na busca por um emprego. Apesar disso, muitos candidatos ainda cometem erros simples que acabam eliminando suas chances antes mesmo de serem chamados para uma entrevista. Segundo pesquisas de recrutadores, 7 em cada 10 curr\u00edculos s\u00e3o descartados por falhas b\u00e1sicas, como falta de clareza, informa\u00e7\u00f5es [&hellip;]<\/p>","protected":false},"author":3,"featured_media":654,"comment_status":"open","ping_status":"open","sticky":false,"template":"","format":"standard","meta":{"footnotes":""},"categories":[12],"tags":[],"class_list":["post-648","post","type-post","status-publish","format-standard","has-post-thumbnail","hentry","category-financas"],"blocksy_meta":[],"_links":{"self":[{"href":"https:\/\/fin.setorreciclagem.com.br\/es\/wp-json\/wp\/v2\/posts\/648","targetHints":{"allow":["GET"]}}],"collection":[{"href":"https:\/\/fin.setorreciclagem.com.br\/es\/wp-json\/wp\/v2\/posts"}],"about":[{"href":"https:\/\/fin.setorreciclagem.com.br\/es\/wp-json\/wp\/v2\/types\/post"}],"author":[{"embeddable":true,"href":"https:\/\/fin.setorreciclagem.com.br\/es\/wp-json\/wp\/v2\/users\/3"}],"replies":[{"embeddable":true,"href":"https:\/\/fin.setorreciclagem.com.br\/es\/wp-json\/wp\/v2\/comments?post=648"}],"version-history":[{"count":4,"href":"https:\/\/fin.setorreciclagem.com.br\/es\/wp-json\/wp\/v2\/posts\/648\/revisions"}],"predecessor-version":[{"id":663,"href":"https:\/\/fin.setorreciclagem.com.br\/es\/wp-json\/wp\/v2\/posts\/648\/revisions\/663"}],"wp:featuredmedia":[{"embeddable":true,"href":"https:\/\/fin.setorreciclagem.com.br\/es\/wp-json\/wp\/v2\/media\/654"}],"wp:attachment":[{"href":"https:\/\/fin.setorreciclagem.com.br\/es\/wp-json\/wp\/v2\/media?parent=648"}],"wp:term":[{"taxonomy":"category","embeddable":true,"href":"https:\/\/fin.setorreciclagem.com.br\/es\/wp-json\/wp\/v2\/categories?post=648"},{"taxonomy":"post_tag","embeddable":true,"href":"https:\/\/fin.setorreciclagem.com.br\/es\/wp-json\/wp\/v2\/tags?post=648"}],"curies":[{"name":"wp","href":"https:\/\/api.w.org\/{rel}","templated":true}]}}