{"id":505,"date":"2025-08-18T09:38:59","date_gmt":"2025-08-18T12:38:59","guid":{"rendered":"https:\/\/fin.setorreciclagem.com.br\/?p=505"},"modified":"2025-08-18T09:42:09","modified_gmt":"2025-08-18T12:42:09","slug":"o-que-e-o-linkedin-e-por-que-usar","status":"publish","type":"post","link":"https:\/\/fin.setorreciclagem.com.br\/fr\/financas\/o-que-e-o-linkedin-e-por-que-usar\/","title":{"rendered":"Melhores vagas do LinkedIn e como baixar a app."},"content":{"rendered":"<p>O <strong>LinkedIn<\/strong> \u00e9 uma rede social profissional que vai al\u00e9m de um simples site de vagas. Ele oferece:<\/p>\n\n\n\n<ul class=\"wp-block-list\">\n<li>Perfis detalhados com experi\u00eancia profissional, forma\u00e7\u00e3o e habilidades.<\/li>\n\n\n\n<li>Conex\u00f5es com colegas, recrutadores e empresas.<\/li>\n\n\n\n<li>Informa\u00e7\u00f5es sobre vagas exclusivas e not\u00edcias do mercado.<\/li>\n\n\n\n<li>Grupos e discuss\u00f5es sobre diversas \u00e1reas profissionais.<\/li>\n<\/ul>\n\n\n\n<p>A plataforma \u00e9 usada por empresas de todos os portes, tornando-se uma ferramenta indispens\u00e1vel para quem busca <strong>vagas de emprego no Brasil e no exterior<\/strong>.<\/p>\n\n\n\n<h2 class=\"wp-block-heading\">O aplicativo LinkedIn: como baixar e usar<\/h2>\n\n\n\n<p>O <strong>app do LinkedIn<\/strong> est\u00e1 dispon\u00edvel para <strong>Android e iOS<\/strong>, facilitando o acesso a vagas de qualquer lugar. Ele possui \u00f3tima classifica\u00e7\u00e3o na Google Play Store (4,4\/5) e na Apple Store (4,7\/5).<\/p>\n\n\n\n<h3 class=\"wp-block-heading\">Passo a passo para baixar e usar o app<\/h3>\n\n\n\n<ol class=\"wp-block-list\">\n<li>Acesse a loja de aplicativos do seu celular (Google Play ou App Store).<\/li>\n\n\n\n<li>Pesquise por <strong>LinkedIn<\/strong> e clique em \u201cInstalar\u201d.<\/li>\n\n\n\n<li>Abra o aplicativo e crie sua conta ou fa\u00e7a login.<\/li>\n\n\n\n<li>Complete seu perfil com foto, resumo profissional, experi\u00eancia e habilidades.<\/li>\n\n\n\n<li>V\u00e1 at\u00e9 a aba <strong>Vagas<\/strong> e filtre por cargo, cidade, n\u00edvel de experi\u00eancia e tipo de contrato.<\/li>\n\n\n\n<li>Ative alertas de emprego para receber notifica\u00e7\u00f5es sobre novas vagas compat\u00edveis com seu perfil.<\/li>\n\n\n\n<li>Candidate-se diretamente pelo app, muitas vezes com apenas um clique usando seu perfil.<\/li>\n<\/ol>\n\n\n\n<h2 class=\"wp-block-heading\">Benef\u00edcios de usar o LinkedIn<\/h2>\n\n\n\n<ul class=\"wp-block-list\">\n<li><strong>Acesso a vagas exclusivas:<\/strong> muitas oportunidades n\u00e3o est\u00e3o em outros sites.<\/li>\n\n\n\n<li><strong>Networking profissional:<\/strong> conecte-se com recrutadores e colegas da sua \u00e1rea.<\/li>\n\n\n\n<li><strong>Candidatura simplificada:<\/strong> perfil completo facilita candidatura com poucos cliques.<\/li>\n\n\n\n<li><strong>Atualiza\u00e7\u00f5es constantes:<\/strong> receba alertas de novas vagas e not\u00edcias relevantes.<\/li>\n\n\n\n<li><strong>Desenvolvimento de carreira:<\/strong> cursos e publica\u00e7\u00f5es ajudam a melhorar habilidades.<\/li>\n<\/ul>\n\n\n<div class=\"lazyblock-gordon-button-1uRJ0c wp-block-lazyblock-gordon-button\"><div class=\"destaque-header-dd\">\r\n    <div class=\"destaque-media\">\r\n        <img decoding=\"async\" class=\"destaque-image-dd\" src=\"https:\/\/fin.setorreciclagem.com.br\/wp-content\/uploads\/2025\/08\/Linkedin.webp\" alt=\"\">\r\n    <\/div>\r\n    <div class=\"destaque-content\">\r\n        <div class=\"destaque-title-dd\"><strong><em>LinkedIn: Pesquisa de emprego<\/em><\/strong><\/div>\r\n        <div class=\"destaque-info-dd\">\r\n            <strong>4,7<\/strong>\u2605 | <strong>1 bi<\/strong>+ Downloads | <strong>Android e iOS<\/strong>\r\n        <\/div>\r\n        <div class=\"wp-block-buttons is-content-justification-center\">\r\n            <div class=\"wp-block-button has-custom-width\" style=\"width: 100%;\">\r\n                <a class=\"btn-cta-destaque-dd\" href=\"https:\/\/fin.setorreciclagem.com.br\/fr\/linkedin\/\">\r\n                    <strong><em>BAIXAR \u2192<\/em><\/strong>\r\n                <\/a>\r\n            <\/div>\r\n        <\/div>\r\n        <p class=\"redirecionamento-texto\">Voc\u00ea ser\u00e1 redirecionado a outro site<\/p>\r\n    <\/div>\r\n<\/div>\r\n\r\n<style>\r\n    .destaque-header-dd {\r\n        display: flex;\r\n        flex-wrap: wrap;\r\n        align-items: center;\r\n        justify-content: center;\r\n        width: 100%;\r\n        max-width: 600px;\r\n        padding: 1em;\r\n        margin: 1.5em 0;\r\n        background-color: transparent;\r\n        overflow: hidden;\r\n    }\r\n\r\n    \/* Estilos para o bloco da imagem *\/\r\n    .destaque-media {\r\n        flex: 1;\r\n        min-width: 200px;\r\n        max-width: 50%;\r\n        display: flex;\r\n        justify-content: center;\r\n        margin-bottom: 1em;\r\n    }\r\n\r\n    .destaque-image-dd {\r\n        width: 100%;\r\n        max-width: 200px;\r\n        height: auto;\r\n        aspect-ratio: 1;\r\n        object-fit: cover;\r\n        border-radius: 8px;\r\n    }\r\n\r\n    \/* Estilos para o conte\u00fado de texto *\/\r\n    .destaque-content {\r\n        flex: 1;\r\n        max-width: 50%;\r\n        text-align: center;\r\n        padding: 0 1em;\r\n    }\r\n\r\n    .destaque-title-dd {\r\n        font-size: 24px;\r\n        font-weight: bold;\r\n        margin: 0.5em 0;\r\n    }\r\n\r\n    .destaque-info-dd {\r\n        font-size: 13px;\r\n        color: #636363;\r\n        margin: 8px 0;\r\n    }\r\n\r\n    \/* Estilos do bot\u00e3o *\/\r\n    .btn-cta-destaque-dd {\r\n        font-size: 22px; \/* Aumentando o tamanho da fonte do bot\u00e3o *\/\r\n        padding: 8px 20px; \/* Ajustando o padding para tornar o bot\u00e3o mais fino *\/\r\n        text-align: center;\r\n        color: #fff; \/* Cor do texto *\/\r\n        text-decoration: none; \/* Remove sublinhado *\/\r\n        border-radius: 100px;\r\n        display: inline-block; \/* Mudando para inline-block para manter a estrutura *\/\r\n        width: 100%;\r\n        background-color: #0a6091; \/* Definindo a cor de fundo padr\u00e3o aqui *\/\r\n        transition: background-color 0.3s, box-shadow 0.3s;\r\n        box-shadow: 0px 4px 6px rgba(0, 0, 0, 0.2); \/* Sombra inicial do bot\u00e3o *\/\r\n        font-weight: bold; \/* Definindo o texto em negrito *\/\r\n    }\r\n\r\n    \/* Cor de fundo e sombra no hover *\/\r\n    .btn-cta-destaque-dd:hover {\r\n        background-color: #444444 !important; \/* Cor de fundo no hover *\/\r\n        box-shadow: 0px 4px 8px rgba(0, 0, 0, 0.4); \/* Sombra mais intensa no hover *\/\r\n        color: white; \/* Mant\u00e9m a cor do texto inalterada ao passar o mouse *\/\r\n    }\r\n\r\n    .btn-cta-destaque-dd:active {\r\n        background-color: #333; \/* Cor mais escura ao clicar *\/\r\n    }\r\n\r\n    .redirecionamento-texto {\r\n        font-size: 12px;\r\n        color: #6c757d;\r\n        margin-top: 8px;\r\n    }\r\n\r\n    \/* Responsividade *\/\r\n    @media (max-width: 768px) {\r\n        .destaque-header-dd {\r\n            flex-direction: column;\r\n            text-align: center;\r\n        }\r\n        \r\n        .destaque-media, .destaque-content {\r\n            max-width: 100%;\r\n        }\r\n\r\n        .destaque-content {\r\n            padding: 0;\r\n        }\r\n    }\r\n<\/style>\r\n<\/div>\n\n\n<h2 class=\"wp-block-heading\">Algumas vagas abertas atualmente <\/h2>\n\n\n\n<h3 class=\"wp-block-heading\"><strong>\ud83d\ude80Analista de Marketing Digital<\/strong><\/h3>\n\n\n\n<ul class=\"wp-block-list\">\n<li><strong>N\u00edvel:<\/strong> J\u00fanior \/ Pleno<\/li>\n\n\n\n<li><strong>Localiza\u00e7\u00e3o:<\/strong> S\u00e3o Paulo, SP \/ Remoto<\/li>\n\n\n\n<li><strong>Requisitos:<\/strong> Conhecimento em Google Ads, Facebook Ads, SEO e an\u00e1lise de m\u00e9tricas.<\/li>\n\n\n\n<li><strong>Descri\u00e7\u00e3o:<\/strong> Criar e gerenciar campanhas digitais, analisar desempenho e otimizar resultados.<\/li>\n<\/ul>\n\n\n\n<h3 class=\"wp-block-heading\"><strong><strong>\ud83d\ude80<\/strong>Desenvolvedor de Software<\/strong><\/h3>\n\n\n\n<ul class=\"wp-block-list\">\n<li><strong>N\u00edvel:<\/strong> Pleno \/ S\u00eanior<\/li>\n\n\n\n<li><strong>Localiza\u00e7\u00e3o:<\/strong> Belo Horizonte, MG \/ Remoto<\/li>\n\n\n\n<li><strong>Requisitos:<\/strong> Experi\u00eancia com Java, Python ou JavaScript; conhecimento em frameworks modernos; Git.<\/li>\n\n\n\n<li><strong>Descri\u00e7\u00e3o:<\/strong> Desenvolvimento de sistemas, manuten\u00e7\u00e3o de aplica\u00e7\u00f5es e integra\u00e7\u00e3o com APIs.<\/li>\n<\/ul>\n\n\n\n<h3 class=\"wp-block-heading\"><strong><strong>\ud83d\ude80<\/strong>Gerente de Projetos<\/strong><\/h3>\n\n\n\n<ul class=\"wp-block-list\">\n<li><strong>N\u00edvel:<\/strong> Pleno \/ S\u00eanior<\/li>\n\n\n\n<li><strong>Localiza\u00e7\u00e3o:<\/strong> Rio de Janeiro, RJ<\/li>\n\n\n\n<li><strong>Requisitos:<\/strong> Certifica\u00e7\u00e3o PMP ou Scrum, experi\u00eancia em gest\u00e3o de equipes e projetos corporativos.<\/li>\n\n\n\n<li><strong>Descri\u00e7\u00e3o:<\/strong> Planejamento e execu\u00e7\u00e3o de projetos, acompanhamento de cronogramas e recursos.<\/li>\n<\/ul>\n\n\n\n<h3 class=\"wp-block-heading\"><strong><strong>\ud83d\ude80<\/strong>Assistente Administrativo<\/strong><\/h3>\n\n\n\n<ul class=\"wp-block-list\">\n<li><strong>N\u00edvel:<\/strong> J\u00fanior<\/li>\n\n\n\n<li><strong>Localiza\u00e7\u00e3o:<\/strong> Curitiba, PR<\/li>\n\n\n\n<li><strong>Requisitos:<\/strong> Pacote Office, organiza\u00e7\u00e3o e atendimento ao cliente.<\/li>\n\n\n\n<li><strong>Descri\u00e7\u00e3o:<\/strong> Suporte a equipes, organiza\u00e7\u00e3o de documentos e atendimento interno.<\/li>\n<\/ul>\n\n\n\n<h3 class=\"wp-block-heading\"><strong><strong>\ud83d\ude80<\/strong>Vendedor Comercial<\/strong><\/h3>\n\n\n\n<ul class=\"wp-block-list\">\n<li><strong>N\u00edvel:<\/strong> J\u00fanior \/ Pleno<\/li>\n\n\n\n<li><strong>Localiza\u00e7\u00e3o:<\/strong> Recife, PE \/ Remoto<\/li>\n\n\n\n<li><strong>Requisitos:<\/strong> Experi\u00eancia em vendas, comunica\u00e7\u00e3o persuasiva e metas de performance.<\/li>\n\n\n\n<li><strong>Descri\u00e7\u00e3o:<\/strong> Prospe\u00e7\u00e3o de clientes, fechamento de vendas e acompanhamento de resultados.<\/li>\n<\/ul>\n\n\n\n<h3 class=\"wp-block-heading\"><strong><strong>\ud83d\ude80<\/strong>Engenheiro de Produ\u00e7\u00e3o<\/strong><\/h3>\n\n\n\n<ul class=\"wp-block-list\">\n<li><strong>N\u00edvel:<\/strong> Pleno \/ S\u00eanior<\/li>\n\n\n\n<li><strong>Localiza\u00e7\u00e3o:<\/strong> Porto Alegre, RS<\/li>\n\n\n\n<li><strong>Requisitos:<\/strong> Gradua\u00e7\u00e3o em Engenharia de Produ\u00e7\u00e3o, experi\u00eancia em processos industriais, Lean Manufacturing.<\/li>\n\n\n\n<li><strong>Descri\u00e7\u00e3o:<\/strong> Planejamento, otimiza\u00e7\u00e3o de processos e controle de qualidade.<\/li>\n<\/ul>\n\n\n\n<h3 class=\"wp-block-heading\"><strong><strong>\ud83d\ude80<\/strong>Analista Financeiro<\/strong><\/h3>\n\n\n\n<ul class=\"wp-block-list\">\n<li><strong>N\u00edvel:<\/strong> Pleno<\/li>\n\n\n\n<li><strong>Localiza\u00e7\u00e3o:<\/strong> S\u00e3o Paulo, SP \/ Remoto<\/li>\n\n\n\n<li><strong>Requisitos:<\/strong> Excel avan\u00e7ado, experi\u00eancia com fluxo de caixa, relat\u00f3rios financeiros.<\/li>\n\n\n\n<li><strong>Descri\u00e7\u00e3o:<\/strong> Controle de contas, an\u00e1lise de investimentos e elabora\u00e7\u00e3o de relat\u00f3rios.<\/li>\n<\/ul>\n\n\n\n<h3 class=\"wp-block-heading\"><strong><strong>\ud83d\ude80<\/strong>Profissional de Recursos Humanos<\/strong><\/h3>\n\n\n\n<ul class=\"wp-block-list\">\n<li><strong>N\u00edvel:<\/strong> Pleno<\/li>\n\n\n\n<li><strong>Localiza\u00e7\u00e3o:<\/strong> Bras\u00edlia, DF \/ Remoto<\/li>\n\n\n\n<li><strong>Requisitos:<\/strong> Experi\u00eancia em recrutamento e sele\u00e7\u00e3o, treinamentos, gest\u00e3o de benef\u00edcios.<\/li>\n\n\n\n<li><strong>Descri\u00e7\u00e3o:<\/strong> Acompanhar processos de contrata\u00e7\u00e3o, desenvolvimento de colaboradores e gest\u00e3o de desempenho.<\/li>\n<\/ul>\n\n\n\n<h2 class=\"wp-block-heading\">Conclus\u00e3o<\/h2>\n\n\n\n<p>O LinkedIn \u00e9 uma ferramenta essencial para profissionais de todas as \u00e1reas que desejam crescer na carreira, acessar <strong>vagas de trabalho exclusivas<\/strong>, expandir networking e desenvolver habilidades. Com o aplicativo dispon\u00edvel para celular e acesso via web, encontrar oportunidades nunca foi t\u00e3o f\u00e1cil.<\/p>\n\n\n\n<p>N\u00e3o perca tempo! Crie seu perfil no LinkedIn, conecte-se com empresas e profissionais da sua \u00e1rea e comece a conquistar <strong>oportunidades de trabalho<\/strong> que podem transformar sua carreira.<\/p>\n\n\n\n<hr class=\"wp-block-separator has-alpha-channel-opacity\"\/>\n\n\n\n<p><strong>Para saber mais e acessar vagas no LinkedIn, clique aqui:<\/strong> <a class=\"\" href=\"https:\/\/fin.setorreciclagem.com.br\/fr\/\">https:\/\/fin.setorreciclagem.com.br<\/a><\/p>\n\n\n\n<p><\/p>","protected":false},"excerpt":{"rendered":"<p>O LinkedIn \u00e9 uma rede social profissional que vai al\u00e9m de um simples site de vagas. Ele oferece: A plataforma \u00e9 usada por empresas de todos os portes, tornando-se uma ferramenta indispens\u00e1vel para quem busca vagas de emprego no Brasil e no exterior. O aplicativo LinkedIn: como baixar e usar O app do LinkedIn est\u00e1 [&hellip;]<\/p>","protected":false},"author":3,"featured_media":509,"comment_status":"open","ping_status":"open","sticky":false,"template":"","format":"standard","meta":{"footnotes":""},"categories":[12],"tags":[],"class_list":["post-505","post","type-post","status-publish","format-standard","has-post-thumbnail","hentry","category-financas"],"blocksy_meta":[],"_links":{"self":[{"href":"https:\/\/fin.setorreciclagem.com.br\/fr\/wp-json\/wp\/v2\/posts\/505","targetHints":{"allow":["GET"]}}],"collection":[{"href":"https:\/\/fin.setorreciclagem.com.br\/fr\/wp-json\/wp\/v2\/posts"}],"about":[{"href":"https:\/\/fin.setorreciclagem.com.br\/fr\/wp-json\/wp\/v2\/types\/post"}],"author":[{"embeddable":true,"href":"https:\/\/fin.setorreciclagem.com.br\/fr\/wp-json\/wp\/v2\/users\/3"}],"replies":[{"embeddable":true,"href":"https:\/\/fin.setorreciclagem.com.br\/fr\/wp-json\/wp\/v2\/comments?post=505"}],"version-history":[{"count":2,"href":"https:\/\/fin.setorreciclagem.com.br\/fr\/wp-json\/wp\/v2\/posts\/505\/revisions"}],"predecessor-version":[{"id":511,"href":"https:\/\/fin.setorreciclagem.com.br\/fr\/wp-json\/wp\/v2\/posts\/505\/revisions\/511"}],"wp:featuredmedia":[{"embeddable":true,"href":"https:\/\/fin.setorreciclagem.com.br\/fr\/wp-json\/wp\/v2\/media\/509"}],"wp:attachment":[{"href":"https:\/\/fin.setorreciclagem.com.br\/fr\/wp-json\/wp\/v2\/media?parent=505"}],"wp:term":[{"taxonomy":"category","embeddable":true,"href":"https:\/\/fin.setorreciclagem.com.br\/fr\/wp-json\/wp\/v2\/categories?post=505"},{"taxonomy":"post_tag","embeddable":true,"href":"https:\/\/fin.setorreciclagem.com.br\/fr\/wp-json\/wp\/v2\/tags?post=505"}],"curies":[{"name":"wp","href":"https:\/\/api.w.org\/{rel}","templated":true}]}}